{"id":5436,"date":"2024-11-22T17:10:24","date_gmt":"2024-11-22T16:10:24","guid":{"rendered":"https:\/\/riverjazz.be\/?p=5436"},"modified":"2024-12-10T21:59:09","modified_gmt":"2024-12-10T20:59:09","slug":"river-jazz-night-jean-paul-estievenart","status":"publish","type":"post","link":"https:\/\/riverjazz.be\/en\/river-jazz-night-jean-paul-estievenart\/","title":{"rendered":"River Jazz Night: Jean-Paul Esti\u00e9venart"},"content":{"rendered":"<p>If there's one date you don't want to miss during the festival, it's this one: River Jazz Night is a unique evening, a triple carte blanche on three stages on the same night. What a challenge of creativity and endurance! With his trumpet slung over his shoulder, Jean-Paul Esti\u00e9venart is seizing this rare opportunity to showcase original performances, steeped in his world and his musical collaborations. For the first time in 10 years, the spring light will accompany us for part of the night, in a brilliant and warm evening. Because to follow an artist on this evening is to apprehend him from different angles, to meet him at the very heart of his approach.<\/p>\n\n\n\n<p>Here's what you can expect at these three exceptional concerts:<\/p>\n\n\n\n<p><strong><em>Jean-Paul Esti\u00e9venart invites the Dutch Quartet to the Jazz Station stage at 18:00.<\/em><\/strong><br><\/p>\n\n\n\n<p><strong><em>He will then give an intimate duo concert with Portuguese accordionist Joao Barradas on the Senghor stage at 19:30.<\/em><\/strong><br><\/p>\n\n\n\n<p><strong><em>To round things off in style, Esti\u00e9venart and his musician friends revive the golden age of swing in a tribute to the great masters of this timeless music.<\/em> <\/strong><em><strong>At the Marni BAR at 21:00<\/strong>.<\/em><br><\/p>","protected":false},"excerpt":{"rendered":"<p>S\u2019il y a une date qu\u2019il ne faut pas manquer durant le festival, c\u2019est bien celle-ci: la River Jazz Night c&rsquo;est une soir\u00e9e unique, un triple carte blanche sur trois sc\u00e8nes le m\u00eame soir. Fameux challenge de cr\u00e9ativit\u00e9 et d&rsquo;endurance! Trompette en bandouli\u00e8re, Jean-Paul Esti\u00e9venart saisit cette occasion rare de faire d\u00e9couvrir des performances in\u00e9dites, [&hellip;]<\/p>\n","protected":false},"author":4,"featured_media":5438,"comment_status":"closed","ping_status":"closed","sticky":false,"template":"","format":"standard","meta":{"_acf_changed":false,"footnotes":""},"categories":[1],"tags":[],"class_list":["post-5436","post","type-post","status-publish","format-standard","has-post-thumbnail","hentry","category-uncategorized"],"acf":[],"yoast_head":"<!-- This site is optimized with the Yoast SEO plugin v27.4 - https:\/\/yoast.com\/product\/yoast-seo-wordpress\/ -->\n<title>River Jazz Night : Jean-Paul Esti\u00e9venart - Festival River Jazz<\/title>\n<meta name=\"robots\" content=\"index, follow, max-snippet:-1, max-image-preview:large, max-video-preview:-1\" \/>\n<link rel=\"canonical\" href=\"https:\/\/riverjazz.be\/en\/river-jazz-night-jean-paul-estievenart\/\" \/>\n<meta property=\"og:locale\" content=\"en_GB\" \/>\n<meta property=\"og:type\" content=\"article\" \/>\n<meta property=\"og:title\" content=\"River Jazz Night : Jean-Paul Esti\u00e9venart - Festival River Jazz\" \/>\n<meta property=\"og:description\" content=\"S\u2019il y a une date qu\u2019il ne faut pas manquer durant le festival, c\u2019est bien celle-ci: la River Jazz Night c&rsquo;est une soir\u00e9e unique, un triple carte blanche sur trois sc\u00e8nes le m\u00eame soir. Fameux challenge de cr\u00e9ativit\u00e9 et d&rsquo;endurance! Trompette en bandouli\u00e8re, Jean-Paul Esti\u00e9venart saisit cette occasion rare de faire d\u00e9couvrir des performances in\u00e9dites, [&hellip;]\" \/>\n<meta property=\"og:url\" content=\"https:\/\/riverjazz.be\/en\/river-jazz-night-jean-paul-estievenart\/\" \/>\n<meta property=\"og:site_name\" content=\"Festival River Jazz\" \/>\n<meta property=\"article:published_time\" content=\"2024-11-22T16:10:24+00:00\" \/>\n<meta property=\"article:modified_time\" content=\"2024-12-10T20:59:09+00:00\" \/>\n<meta property=\"og:image\" content=\"https:\/\/riverjazz.be\/wp-content\/uploads\/2024\/11\/JeanPaulEstivenaert_NZ6_3296.jpg\" \/>\n\t<meta property=\"og:image:width\" content=\"1920\" \/>\n\t<meta property=\"og:image:height\" content=\"1277\" \/>\n\t<meta property=\"og:image:type\" content=\"image\/jpeg\" \/>\n<meta name=\"author\" content=\"MC\" \/>\n<meta name=\"twitter:card\" content=\"summary_large_image\" \/>\n<meta name=\"twitter:label1\" content=\"Written by\" \/>\n\t<meta name=\"twitter:data1\" content=\"MC\" \/>\n\t<meta name=\"twitter:label2\" content=\"Estimated reading time\" \/>\n\t<meta name=\"twitter:data2\" content=\"2 minutes\" \/>\n<script type=\"application\/ld+json\" class=\"yoast-schema-graph\">{\"@context\":\"https:\\\/\\\/schema.org\",\"@graph\":[{\"@type\":\"Article\",\"@id\":\"https:\\\/\\\/riverjazz.be\\\/river-jazz-night-jean-paul-estievenart\\\/#article\",\"isPartOf\":{\"@id\":\"https:\\\/\\\/riverjazz.be\\\/river-jazz-night-jean-paul-estievenart\\\/\"},\"author\":{\"name\":\"MC\",\"@id\":\"https:\\\/\\\/riverjazz.be\\\/#\\\/schema\\\/person\\\/8d48e1b810eec39ca2a92b83fd202b60\"},\"headline\":\"River Jazz Night : Jean-Paul Esti\u00e9venart\",\"datePublished\":\"2024-11-22T16:10:24+00:00\",\"dateModified\":\"2024-12-10T20:59:09+00:00\",\"mainEntityOfPage\":{\"@id\":\"https:\\\/\\\/riverjazz.be\\\/river-jazz-night-jean-paul-estievenart\\\/\"},\"wordCount\":221,\"publisher\":{\"@id\":\"https:\\\/\\\/riverjazz.be\\\/#organization\"},\"image\":{\"@id\":\"https:\\\/\\\/riverjazz.be\\\/river-jazz-night-jean-paul-estievenart\\\/#primaryimage\"},\"thumbnailUrl\":\"https:\\\/\\\/riverjazz.be\\\/wp-content\\\/uploads\\\/2024\\\/11\\\/JeanPaulEstivenaert_NZ6_3296.jpg\",\"articleSection\":[\"Uncategorized\"],\"inLanguage\":\"en-GB\"},{\"@type\":\"WebPage\",\"@id\":\"https:\\\/\\\/riverjazz.be\\\/river-jazz-night-jean-paul-estievenart\\\/\",\"url\":\"https:\\\/\\\/riverjazz.be\\\/river-jazz-night-jean-paul-estievenart\\\/\",\"name\":\"River Jazz Night : Jean-Paul Esti\u00e9venart - Festival River Jazz\",\"isPartOf\":{\"@id\":\"https:\\\/\\\/riverjazz.be\\\/#website\"},\"primaryImageOfPage\":{\"@id\":\"https:\\\/\\\/riverjazz.be\\\/river-jazz-night-jean-paul-estievenart\\\/#primaryimage\"},\"image\":{\"@id\":\"https:\\\/\\\/riverjazz.be\\\/river-jazz-night-jean-paul-estievenart\\\/#primaryimage\"},\"thumbnailUrl\":\"https:\\\/\\\/riverjazz.be\\\/wp-content\\\/uploads\\\/2024\\\/11\\\/JeanPaulEstivenaert_NZ6_3296.jpg\",\"datePublished\":\"2024-11-22T16:10:24+00:00\",\"dateModified\":\"2024-12-10T20:59:09+00:00\",\"breadcrumb\":{\"@id\":\"https:\\\/\\\/riverjazz.be\\\/river-jazz-night-jean-paul-estievenart\\\/#breadcrumb\"},\"inLanguage\":\"en-GB\",\"potentialAction\":[{\"@type\":\"ReadAction\",\"target\":[\"https:\\\/\\\/riverjazz.be\\\/river-jazz-night-jean-paul-estievenart\\\/\"]}]},{\"@type\":\"ImageObject\",\"inLanguage\":\"en-GB\",\"@id\":\"https:\\\/\\\/riverjazz.be\\\/river-jazz-night-jean-paul-estievenart\\\/#primaryimage\",\"url\":\"https:\\\/\\\/riverjazz.be\\\/wp-content\\\/uploads\\\/2024\\\/11\\\/JeanPaulEstivenaert_NZ6_3296.jpg\",\"contentUrl\":\"https:\\\/\\\/riverjazz.be\\\/wp-content\\\/uploads\\\/2024\\\/11\\\/JeanPaulEstivenaert_NZ6_3296.jpg\",\"width\":1920,\"height\":1277},{\"@type\":\"BreadcrumbList\",\"@id\":\"https:\\\/\\\/riverjazz.be\\\/river-jazz-night-jean-paul-estievenart\\\/#breadcrumb\",\"itemListElement\":[{\"@type\":\"ListItem\",\"position\":1,\"name\":\"Home\",\"item\":\"https:\\\/\\\/riverjazz.be\\\/\"},{\"@type\":\"ListItem\",\"position\":2,\"name\":\"River Jazz Night : Jean-Paul Esti\u00e9venart\"}]},{\"@type\":\"WebSite\",\"@id\":\"https:\\\/\\\/riverjazz.be\\\/#website\",\"url\":\"https:\\\/\\\/riverjazz.be\\\/\",\"name\":\"Festival River Jazz\",\"description\":\"\",\"publisher\":{\"@id\":\"https:\\\/\\\/riverjazz.be\\\/#organization\"},\"potentialAction\":[{\"@type\":\"SearchAction\",\"target\":{\"@type\":\"EntryPoint\",\"urlTemplate\":\"https:\\\/\\\/riverjazz.be\\\/?s={search_term_string}\"},\"query-input\":{\"@type\":\"PropertyValueSpecification\",\"valueRequired\":true,\"valueName\":\"search_term_string\"}}],\"inLanguage\":\"en-GB\"},{\"@type\":\"Organization\",\"@id\":\"https:\\\/\\\/riverjazz.be\\\/#organization\",\"name\":\"Festival River Jazz\",\"url\":\"https:\\\/\\\/riverjazz.be\\\/\",\"logo\":{\"@type\":\"ImageObject\",\"inLanguage\":\"en-GB\",\"@id\":\"https:\\\/\\\/riverjazz.be\\\/#\\\/schema\\\/logo\\\/image\\\/\",\"url\":\"https:\\\/\\\/riverjazz.be\\\/wp-content\\\/uploads\\\/2021\\\/02\\\/RIVER_Jazz_FESTIVAL_LOGO_transparent.png\",\"contentUrl\":\"https:\\\/\\\/riverjazz.be\\\/wp-content\\\/uploads\\\/2021\\\/02\\\/RIVER_Jazz_FESTIVAL_LOGO_transparent.png\",\"width\":328,\"height\":328,\"caption\":\"Festival River Jazz\"},\"image\":{\"@id\":\"https:\\\/\\\/riverjazz.be\\\/#\\\/schema\\\/logo\\\/image\\\/\"}},{\"@type\":\"Person\",\"@id\":\"https:\\\/\\\/riverjazz.be\\\/#\\\/schema\\\/person\\\/8d48e1b810eec39ca2a92b83fd202b60\",\"name\":\"MC\",\"image\":{\"@type\":\"ImageObject\",\"inLanguage\":\"en-GB\",\"@id\":\"https:\\\/\\\/secure.gravatar.com\\\/avatar\\\/505bdbebade2b7a09cd1de9a6609b5235f4a92710e1aad6783e2b7619ab540bf?s=96&r=g\",\"url\":\"https:\\\/\\\/secure.gravatar.com\\\/avatar\\\/505bdbebade2b7a09cd1de9a6609b5235f4a92710e1aad6783e2b7619ab540bf?s=96&r=g\",\"contentUrl\":\"https:\\\/\\\/secure.gravatar.com\\\/avatar\\\/505bdbebade2b7a09cd1de9a6609b5235f4a92710e1aad6783e2b7619ab540bf?s=96&r=g\",\"caption\":\"MC\"},\"url\":\"https:\\\/\\\/riverjazz.be\\\/en\\\/author\\\/a06a093031c3d739\\\/\"}]}<\/script>\n<!-- \/ Yoast SEO plugin. -->","yoast_head_json":{"title":"River Jazz Night : Jean-Paul Esti\u00e9venart - Festival River Jazz","robots":{"index":"index","follow":"follow","max-snippet":"max-snippet:-1","max-image-preview":"max-image-preview:large","max-video-preview":"max-video-preview:-1"},"canonical":"https:\/\/riverjazz.be\/en\/river-jazz-night-jean-paul-estievenart\/","og_locale":"en_GB","og_type":"article","og_title":"River Jazz Night : Jean-Paul Esti\u00e9venart - Festival River Jazz","og_description":"S\u2019il y a une date qu\u2019il ne faut pas manquer durant le festival, c\u2019est bien celle-ci: la River Jazz Night c&rsquo;est une soir\u00e9e unique, un triple carte blanche sur trois sc\u00e8nes le m\u00eame soir. Fameux challenge de cr\u00e9ativit\u00e9 et d&rsquo;endurance! Trompette en bandouli\u00e8re, Jean-Paul Esti\u00e9venart saisit cette occasion rare de faire d\u00e9couvrir des performances in\u00e9dites, [&hellip;]","og_url":"https:\/\/riverjazz.be\/en\/river-jazz-night-jean-paul-estievenart\/","og_site_name":"Festival River Jazz","article_published_time":"2024-11-22T16:10:24+00:00","article_modified_time":"2024-12-10T20:59:09+00:00","og_image":[{"width":1920,"height":1277,"url":"https:\/\/riverjazz.be\/wp-content\/uploads\/2024\/11\/JeanPaulEstivenaert_NZ6_3296.jpg","type":"image\/jpeg"}],"author":"MC","twitter_card":"summary_large_image","twitter_misc":{"Written by":"MC","Estimated reading time":"2 minutes"},"schema":{"@context":"https:\/\/schema.org","@graph":[{"@type":"Article","@id":"https:\/\/riverjazz.be\/river-jazz-night-jean-paul-estievenart\/#article","isPartOf":{"@id":"https:\/\/riverjazz.be\/river-jazz-night-jean-paul-estievenart\/"},"author":{"name":"MC","@id":"https:\/\/riverjazz.be\/#\/schema\/person\/8d48e1b810eec39ca2a92b83fd202b60"},"headline":"River Jazz Night : Jean-Paul Esti\u00e9venart","datePublished":"2024-11-22T16:10:24+00:00","dateModified":"2024-12-10T20:59:09+00:00","mainEntityOfPage":{"@id":"https:\/\/riverjazz.be\/river-jazz-night-jean-paul-estievenart\/"},"wordCount":221,"publisher":{"@id":"https:\/\/riverjazz.be\/#organization"},"image":{"@id":"https:\/\/riverjazz.be\/river-jazz-night-jean-paul-estievenart\/#primaryimage"},"thumbnailUrl":"https:\/\/riverjazz.be\/wp-content\/uploads\/2024\/11\/JeanPaulEstivenaert_NZ6_3296.jpg","articleSection":["Uncategorized"],"inLanguage":"en-GB"},{"@type":"WebPage","@id":"https:\/\/riverjazz.be\/river-jazz-night-jean-paul-estievenart\/","url":"https:\/\/riverjazz.be\/river-jazz-night-jean-paul-estievenart\/","name":"River Jazz Night : Jean-Paul Esti\u00e9venart - Festival River Jazz","isPartOf":{"@id":"https:\/\/riverjazz.be\/#website"},"primaryImageOfPage":{"@id":"https:\/\/riverjazz.be\/river-jazz-night-jean-paul-estievenart\/#primaryimage"},"image":{"@id":"https:\/\/riverjazz.be\/river-jazz-night-jean-paul-estievenart\/#primaryimage"},"thumbnailUrl":"https:\/\/riverjazz.be\/wp-content\/uploads\/2024\/11\/JeanPaulEstivenaert_NZ6_3296.jpg","datePublished":"2024-11-22T16:10:24+00:00","dateModified":"2024-12-10T20:59:09+00:00","breadcrumb":{"@id":"https:\/\/riverjazz.be\/river-jazz-night-jean-paul-estievenart\/#breadcrumb"},"inLanguage":"en-GB","potentialAction":[{"@type":"ReadAction","target":["https:\/\/riverjazz.be\/river-jazz-night-jean-paul-estievenart\/"]}]},{"@type":"ImageObject","inLanguage":"en-GB","@id":"https:\/\/riverjazz.be\/river-jazz-night-jean-paul-estievenart\/#primaryimage","url":"https:\/\/riverjazz.be\/wp-content\/uploads\/2024\/11\/JeanPaulEstivenaert_NZ6_3296.jpg","contentUrl":"https:\/\/riverjazz.be\/wp-content\/uploads\/2024\/11\/JeanPaulEstivenaert_NZ6_3296.jpg","width":1920,"height":1277},{"@type":"BreadcrumbList","@id":"https:\/\/riverjazz.be\/river-jazz-night-jean-paul-estievenart\/#breadcrumb","itemListElement":[{"@type":"ListItem","position":1,"name":"Home","item":"https:\/\/riverjazz.be\/"},{"@type":"ListItem","position":2,"name":"River Jazz Night : Jean-Paul Esti\u00e9venart"}]},{"@type":"WebSite","@id":"https:\/\/riverjazz.be\/#website","url":"https:\/\/riverjazz.be\/","name":"River Jazz Festival","description":"","publisher":{"@id":"https:\/\/riverjazz.be\/#organization"},"potentialAction":[{"@type":"SearchAction","target":{"@type":"EntryPoint","urlTemplate":"https:\/\/riverjazz.be\/?s={search_term_string}"},"query-input":{"@type":"PropertyValueSpecification","valueRequired":true,"valueName":"search_term_string"}}],"inLanguage":"en-GB"},{"@type":"Organization","@id":"https:\/\/riverjazz.be\/#organization","name":"River Jazz Festival","url":"https:\/\/riverjazz.be\/","logo":{"@type":"ImageObject","inLanguage":"en-GB","@id":"https:\/\/riverjazz.be\/#\/schema\/logo\/image\/","url":"https:\/\/riverjazz.be\/wp-content\/uploads\/2021\/02\/RIVER_Jazz_FESTIVAL_LOGO_transparent.png","contentUrl":"https:\/\/riverjazz.be\/wp-content\/uploads\/2021\/02\/RIVER_Jazz_FESTIVAL_LOGO_transparent.png","width":328,"height":328,"caption":"Festival River Jazz"},"image":{"@id":"https:\/\/riverjazz.be\/#\/schema\/logo\/image\/"}},{"@type":"Person","@id":"https:\/\/riverjazz.be\/#\/schema\/person\/8d48e1b810eec39ca2a92b83fd202b60","name":"MC","image":{"@type":"ImageObject","inLanguage":"en-GB","@id":"https:\/\/secure.gravatar.com\/avatar\/505bdbebade2b7a09cd1de9a6609b5235f4a92710e1aad6783e2b7619ab540bf?s=96&r=g","url":"https:\/\/secure.gravatar.com\/avatar\/505bdbebade2b7a09cd1de9a6609b5235f4a92710e1aad6783e2b7619ab540bf?s=96&r=g","contentUrl":"https:\/\/secure.gravatar.com\/avatar\/505bdbebade2b7a09cd1de9a6609b5235f4a92710e1aad6783e2b7619ab540bf?s=96&r=g","caption":"MC"},"url":"https:\/\/riverjazz.be\/en\/author\/a06a093031c3d739\/"}]}},"_links":{"self":[{"href":"https:\/\/riverjazz.be\/en\/wp-json\/wp\/v2\/posts\/5436","targetHints":{"allow":["GET"]}}],"collection":[{"href":"https:\/\/riverjazz.be\/en\/wp-json\/wp\/v2\/posts"}],"about":[{"href":"https:\/\/riverjazz.be\/en\/wp-json\/wp\/v2\/types\/post"}],"author":[{"embeddable":true,"href":"https:\/\/riverjazz.be\/en\/wp-json\/wp\/v2\/users\/4"}],"replies":[{"embeddable":true,"href":"https:\/\/riverjazz.be\/en\/wp-json\/wp\/v2\/comments?post=5436"}],"version-history":[{"count":0,"href":"https:\/\/riverjazz.be\/en\/wp-json\/wp\/v2\/posts\/5436\/revisions"}],"wp:featuredmedia":[{"embeddable":true,"href":"https:\/\/riverjazz.be\/en\/wp-json\/wp\/v2\/media\/5438"}],"wp:attachment":[{"href":"https:\/\/riverjazz.be\/en\/wp-json\/wp\/v2\/media?parent=5436"}],"wp:term":[{"taxonomy":"category","embeddable":true,"href":"https:\/\/riverjazz.be\/en\/wp-json\/wp\/v2\/categories?post=5436"},{"taxonomy":"post_tag","embeddable":true,"href":"https:\/\/riverjazz.be\/en\/wp-json\/wp\/v2\/tags?post=5436"}],"curies":[{"name":"wp","href":"https:\/\/api.w.org\/{rel}","templated":true}]}}