{"id":5954,"date":"2025-12-15T12:36:38","date_gmt":"2025-12-15T11:36:38","guid":{"rendered":"https:\/\/riverjazz.be\/?p=5954"},"modified":"2025-12-15T13:55:48","modified_gmt":"2025-12-15T12:55:48","slug":"vladimir-torres-quintet-rush","status":"publish","type":"post","link":"https:\/\/riverjazz.be\/nl\/vladimir-torres-quintet-rush\/","title":{"rendered":"Vladimir Torres Kwintet \"Rush"},"content":{"rendered":"<p>De Frans-Uruguayaanse contrabassist en componist Vladimir Torres presenteert zijn vierde album Rush, een werk van vrije, moderne jazz ge\u00efnspireerd door de spanningen van onze tijd en de intieme impulsen die ons drijven.<\/p>\n\n\n\n<p>Met negen originele composities levert de artiest een werk van grote harmonische en emotionele rijkdom. \"Rush\" is het kantelpunt tussen innerlijke urgentie en het zoeken naar adem. Een moment dat zweeft tussen spanning en rust.<\/p>\n\n\n\n<p>Vladimir Torres wordt omringd door zijn trio, met een eigen muzikale identiteit en telepathisch teamwork, bestaande uit Martin Schiffmann op piano en Tom Moretti op drums. Gasten zijn Damien Groleau op piano, Hugo Diaz op sopraansaxofoon en Constantin Meyer op trombone.<\/p>\n\n\n\n<p>Gedreven door krachtige contrabaslijnen en een nauwkeurig ritmisch patroon verkent 'Rush' een breed terrein, van introspectieve lyriek tot politieke verontwaardiging en meditatieve improvisaties. Vladimir Torres heeft een project gecre\u00eberd dat zowel muzikaal als thematisch ge\u00ebngageerd is en oorlog, herinnering, vrede, verwantschap en veerkracht oproept.<\/p>\n\n\n\n<p>Het album put uit een palet van invloeden vari\u00ebrend van Europese jazz tot Oosterse klanken, urban grooves en Latijnse texturen. Omringd door een groep expressieve muzikanten biedt Vladimir Torres een vrije instrumentale dialoog die vaak filmisch, maar altijd oprecht is.<\/p>\n\n\n\n<figure class=\"wp-block-embed is-type-video is-provider-youtube wp-block-embed-youtube wp-embed-aspect-16-9 wp-has-aspect-ratio\"><div class=\"wp-block-embed__wrapper\">\n<iframe title=\"VLADIMIR TORRES - DOS HERMANOS\" width=\"800\" height=\"450\" src=\"https:\/\/www.youtube.com\/embed\/-2MiFK9RCC8?feature=oembed\" frameborder=\"0\" allow=\"accelerometer; autoplay; clipboard-write; encrypted-media; gyroscope; picture-in-picture; web-share\" referrerpolicy=\"strict-origin-when-cross-origin\" allowfullscreen><\/iframe>\n<\/div><\/figure>","protected":false},"excerpt":{"rendered":"<p>Le contrebassiste et compositeur franco-uruguayen Vladimir Torres pr\u00e9sente son quatri\u00e8me album, \u00abRush \u00bb, une \u0153uvre de jazz moderne et libre, inspir\u00e9e par les tensions de notre \u00e9poque et les \u00e9lans intimes qui nous animent. \u00c0 travers neuf compositions originales, l\u2019artiste nous livre une \u0153uvre d\u2019une grande richesse harmonique et \u00e9motionnelle. \u201cRush\u201d, c\u2019est ce moment de [&hellip;]<\/p>\n","protected":false},"author":3,"featured_media":5955,"comment_status":"closed","ping_status":"closed","sticky":false,"template":"","format":"standard","meta":{"_acf_changed":false,"footnotes":""},"categories":[73,18],"tags":[198],"class_list":["post-5954","post","type-post","status-publish","format-standard","has-post-thumbnail","hentry","category-concerts-programme","category-programme","tag-198"],"acf":[],"yoast_head":"<!-- This site is optimized with the Yoast SEO plugin v27.4 - https:\/\/yoast.com\/product\/yoast-seo-wordpress\/ -->\n<title>Vladimir Torres Quintet \u201cRush\u201d - Festival River Jazz<\/title>\n<meta name=\"description\" content=\"Vladimir Torres revient \u00e0 la Jazz Station pour pr\u00e9senter son nouvel album &quot;Rush&quot; en quintet !\" \/>\n<meta name=\"robots\" content=\"index, follow, max-snippet:-1, max-image-preview:large, max-video-preview:-1\" \/>\n<link rel=\"canonical\" href=\"https:\/\/riverjazz.be\/nl\/vladimir-torres-quintet-rush\/\" \/>\n<meta property=\"og:locale\" content=\"nl_NL\" \/>\n<meta property=\"og:type\" content=\"article\" \/>\n<meta property=\"og:title\" content=\"Vladimir Torres Quintet \u201cRush\u201d - Festival River Jazz\" \/>\n<meta property=\"og:description\" content=\"Vladimir Torres revient \u00e0 la Jazz Station pour pr\u00e9senter son nouvel album &quot;Rush&quot; en quintet !\" \/>\n<meta property=\"og:url\" content=\"https:\/\/riverjazz.be\/nl\/vladimir-torres-quintet-rush\/\" \/>\n<meta property=\"og:site_name\" content=\"Festival River Jazz\" \/>\n<meta property=\"article:published_time\" content=\"2025-12-15T11:36:38+00:00\" \/>\n<meta property=\"article:modified_time\" content=\"2025-12-15T12:55:48+00:00\" \/>\n<meta property=\"og:image\" content=\"https:\/\/riverjazz.be\/wp-content\/uploads\/2025\/12\/cover-front-copie-2.jpg\" \/>\n\t<meta property=\"og:image:width\" content=\"1920\" \/>\n\t<meta property=\"og:image:height\" content=\"1920\" \/>\n\t<meta property=\"og:image:type\" content=\"image\/jpeg\" \/>\n<meta name=\"author\" content=\"Charlotte\" \/>\n<meta name=\"twitter:card\" content=\"summary_large_image\" \/>\n<meta name=\"twitter:label1\" content=\"Geschreven door\" \/>\n\t<meta name=\"twitter:data1\" content=\"Charlotte\" \/>\n\t<meta name=\"twitter:label2\" content=\"Geschatte leestijd\" \/>\n\t<meta name=\"twitter:data2\" content=\"2 minuten\" \/>\n<script type=\"application\/ld+json\" class=\"yoast-schema-graph\">{\"@context\":\"https:\\\/\\\/schema.org\",\"@graph\":[{\"@type\":\"Article\",\"@id\":\"https:\\\/\\\/riverjazz.be\\\/vladimir-torres-quintet-rush\\\/#article\",\"isPartOf\":{\"@id\":\"https:\\\/\\\/riverjazz.be\\\/vladimir-torres-quintet-rush\\\/\"},\"author\":{\"name\":\"Charlotte\",\"@id\":\"https:\\\/\\\/riverjazz.be\\\/#\\\/schema\\\/person\\\/2babd6da8250641e0bc6981ef4f3bdf9\"},\"headline\":\"Vladimir Torres Quintet \u201cRush\u201d\",\"datePublished\":\"2025-12-15T11:36:38+00:00\",\"dateModified\":\"2025-12-15T12:55:48+00:00\",\"mainEntityOfPage\":{\"@id\":\"https:\\\/\\\/riverjazz.be\\\/vladimir-torres-quintet-rush\\\/\"},\"wordCount\":249,\"publisher\":{\"@id\":\"https:\\\/\\\/riverjazz.be\\\/#organization\"},\"image\":{\"@id\":\"https:\\\/\\\/riverjazz.be\\\/vladimir-torres-quintet-rush\\\/#primaryimage\"},\"thumbnailUrl\":\"https:\\\/\\\/riverjazz.be\\\/wp-content\\\/uploads\\\/2025\\\/12\\\/cover-front-copie-2.jpg\",\"keywords\":[\"2026\"],\"articleSection\":[\"Concerts\",\"Programme\"],\"inLanguage\":\"nl-NL\"},{\"@type\":\"WebPage\",\"@id\":\"https:\\\/\\\/riverjazz.be\\\/vladimir-torres-quintet-rush\\\/\",\"url\":\"https:\\\/\\\/riverjazz.be\\\/vladimir-torres-quintet-rush\\\/\",\"name\":\"Vladimir Torres Quintet \u201cRush\u201d - Festival River Jazz\",\"isPartOf\":{\"@id\":\"https:\\\/\\\/riverjazz.be\\\/#website\"},\"primaryImageOfPage\":{\"@id\":\"https:\\\/\\\/riverjazz.be\\\/vladimir-torres-quintet-rush\\\/#primaryimage\"},\"image\":{\"@id\":\"https:\\\/\\\/riverjazz.be\\\/vladimir-torres-quintet-rush\\\/#primaryimage\"},\"thumbnailUrl\":\"https:\\\/\\\/riverjazz.be\\\/wp-content\\\/uploads\\\/2025\\\/12\\\/cover-front-copie-2.jpg\",\"datePublished\":\"2025-12-15T11:36:38+00:00\",\"dateModified\":\"2025-12-15T12:55:48+00:00\",\"description\":\"Vladimir Torres revient \u00e0 la Jazz Station pour pr\u00e9senter son nouvel album \\\"Rush\\\" en quintet !\",\"breadcrumb\":{\"@id\":\"https:\\\/\\\/riverjazz.be\\\/vladimir-torres-quintet-rush\\\/#breadcrumb\"},\"inLanguage\":\"nl-NL\",\"potentialAction\":[{\"@type\":\"ReadAction\",\"target\":[\"https:\\\/\\\/riverjazz.be\\\/vladimir-torres-quintet-rush\\\/\"]}]},{\"@type\":\"ImageObject\",\"inLanguage\":\"nl-NL\",\"@id\":\"https:\\\/\\\/riverjazz.be\\\/vladimir-torres-quintet-rush\\\/#primaryimage\",\"url\":\"https:\\\/\\\/riverjazz.be\\\/wp-content\\\/uploads\\\/2025\\\/12\\\/cover-front-copie-2.jpg\",\"contentUrl\":\"https:\\\/\\\/riverjazz.be\\\/wp-content\\\/uploads\\\/2025\\\/12\\\/cover-front-copie-2.jpg\",\"width\":1920,\"height\":1920},{\"@type\":\"BreadcrumbList\",\"@id\":\"https:\\\/\\\/riverjazz.be\\\/vladimir-torres-quintet-rush\\\/#breadcrumb\",\"itemListElement\":[{\"@type\":\"ListItem\",\"position\":1,\"name\":\"Home\",\"item\":\"https:\\\/\\\/riverjazz.be\\\/\"},{\"@type\":\"ListItem\",\"position\":2,\"name\":\"Vladimir Torres Quintet \u201cRush\u201d\"}]},{\"@type\":\"WebSite\",\"@id\":\"https:\\\/\\\/riverjazz.be\\\/#website\",\"url\":\"https:\\\/\\\/riverjazz.be\\\/\",\"name\":\"Festival River Jazz\",\"description\":\"\",\"publisher\":{\"@id\":\"https:\\\/\\\/riverjazz.be\\\/#organization\"},\"potentialAction\":[{\"@type\":\"SearchAction\",\"target\":{\"@type\":\"EntryPoint\",\"urlTemplate\":\"https:\\\/\\\/riverjazz.be\\\/?s={search_term_string}\"},\"query-input\":{\"@type\":\"PropertyValueSpecification\",\"valueRequired\":true,\"valueName\":\"search_term_string\"}}],\"inLanguage\":\"nl-NL\"},{\"@type\":\"Organization\",\"@id\":\"https:\\\/\\\/riverjazz.be\\\/#organization\",\"name\":\"Festival River Jazz\",\"url\":\"https:\\\/\\\/riverjazz.be\\\/\",\"logo\":{\"@type\":\"ImageObject\",\"inLanguage\":\"nl-NL\",\"@id\":\"https:\\\/\\\/riverjazz.be\\\/#\\\/schema\\\/logo\\\/image\\\/\",\"url\":\"https:\\\/\\\/riverjazz.be\\\/wp-content\\\/uploads\\\/2021\\\/02\\\/RIVER_Jazz_FESTIVAL_LOGO_transparent.png\",\"contentUrl\":\"https:\\\/\\\/riverjazz.be\\\/wp-content\\\/uploads\\\/2021\\\/02\\\/RIVER_Jazz_FESTIVAL_LOGO_transparent.png\",\"width\":328,\"height\":328,\"caption\":\"Festival River Jazz\"},\"image\":{\"@id\":\"https:\\\/\\\/riverjazz.be\\\/#\\\/schema\\\/logo\\\/image\\\/\"}},{\"@type\":\"Person\",\"@id\":\"https:\\\/\\\/riverjazz.be\\\/#\\\/schema\\\/person\\\/2babd6da8250641e0bc6981ef4f3bdf9\",\"name\":\"Charlotte\",\"image\":{\"@type\":\"ImageObject\",\"inLanguage\":\"nl-NL\",\"@id\":\"https:\\\/\\\/secure.gravatar.com\\\/avatar\\\/36bed908c9df2f12482e85eba25129f12cbd35aaeacbc562607290b9cbed6405?s=96&r=g\",\"url\":\"https:\\\/\\\/secure.gravatar.com\\\/avatar\\\/36bed908c9df2f12482e85eba25129f12cbd35aaeacbc562607290b9cbed6405?s=96&r=g\",\"contentUrl\":\"https:\\\/\\\/secure.gravatar.com\\\/avatar\\\/36bed908c9df2f12482e85eba25129f12cbd35aaeacbc562607290b9cbed6405?s=96&r=g\",\"caption\":\"Charlotte\"},\"url\":\"https:\\\/\\\/riverjazz.be\\\/nl\\\/author\\\/6479062169ff7592\\\/\"}]}<\/script>\n<!-- \/ Yoast SEO plugin. -->","yoast_head_json":{"title":"Vladimir Torres Quintet \u201cRush\u201d - Festival River Jazz","description":"Vladimir Torres revient \u00e0 la Jazz Station pour pr\u00e9senter son nouvel album \"Rush\" en quintet !","robots":{"index":"index","follow":"follow","max-snippet":"max-snippet:-1","max-image-preview":"max-image-preview:large","max-video-preview":"max-video-preview:-1"},"canonical":"https:\/\/riverjazz.be\/nl\/vladimir-torres-quintet-rush\/","og_locale":"nl_NL","og_type":"article","og_title":"Vladimir Torres Quintet \u201cRush\u201d - Festival River Jazz","og_description":"Vladimir Torres revient \u00e0 la Jazz Station pour pr\u00e9senter son nouvel album \"Rush\" en quintet !","og_url":"https:\/\/riverjazz.be\/nl\/vladimir-torres-quintet-rush\/","og_site_name":"Festival River Jazz","article_published_time":"2025-12-15T11:36:38+00:00","article_modified_time":"2025-12-15T12:55:48+00:00","og_image":[{"width":1920,"height":1920,"url":"https:\/\/riverjazz.be\/wp-content\/uploads\/2025\/12\/cover-front-copie-2.jpg","type":"image\/jpeg"}],"author":"Charlotte","twitter_card":"summary_large_image","twitter_misc":{"Geschreven door":"Charlotte","Geschatte leestijd":"2 minuten"},"schema":{"@context":"https:\/\/schema.org","@graph":[{"@type":"Article","@id":"https:\/\/riverjazz.be\/vladimir-torres-quintet-rush\/#article","isPartOf":{"@id":"https:\/\/riverjazz.be\/vladimir-torres-quintet-rush\/"},"author":{"name":"Charlotte","@id":"https:\/\/riverjazz.be\/#\/schema\/person\/2babd6da8250641e0bc6981ef4f3bdf9"},"headline":"Vladimir Torres Quintet \u201cRush\u201d","datePublished":"2025-12-15T11:36:38+00:00","dateModified":"2025-12-15T12:55:48+00:00","mainEntityOfPage":{"@id":"https:\/\/riverjazz.be\/vladimir-torres-quintet-rush\/"},"wordCount":249,"publisher":{"@id":"https:\/\/riverjazz.be\/#organization"},"image":{"@id":"https:\/\/riverjazz.be\/vladimir-torres-quintet-rush\/#primaryimage"},"thumbnailUrl":"https:\/\/riverjazz.be\/wp-content\/uploads\/2025\/12\/cover-front-copie-2.jpg","keywords":["2026"],"articleSection":["Concerts","Programme"],"inLanguage":"nl-NL"},{"@type":"WebPage","@id":"https:\/\/riverjazz.be\/vladimir-torres-quintet-rush\/","url":"https:\/\/riverjazz.be\/vladimir-torres-quintet-rush\/","name":"Vladimir Torres Quintet \u201cRush\u201d - Festival River Jazz","isPartOf":{"@id":"https:\/\/riverjazz.be\/#website"},"primaryImageOfPage":{"@id":"https:\/\/riverjazz.be\/vladimir-torres-quintet-rush\/#primaryimage"},"image":{"@id":"https:\/\/riverjazz.be\/vladimir-torres-quintet-rush\/#primaryimage"},"thumbnailUrl":"https:\/\/riverjazz.be\/wp-content\/uploads\/2025\/12\/cover-front-copie-2.jpg","datePublished":"2025-12-15T11:36:38+00:00","dateModified":"2025-12-15T12:55:48+00:00","description":"Vladimir Torres revient \u00e0 la Jazz Station pour pr\u00e9senter son nouvel album \"Rush\" en quintet !","breadcrumb":{"@id":"https:\/\/riverjazz.be\/vladimir-torres-quintet-rush\/#breadcrumb"},"inLanguage":"nl-NL","potentialAction":[{"@type":"ReadAction","target":["https:\/\/riverjazz.be\/vladimir-torres-quintet-rush\/"]}]},{"@type":"ImageObject","inLanguage":"nl-NL","@id":"https:\/\/riverjazz.be\/vladimir-torres-quintet-rush\/#primaryimage","url":"https:\/\/riverjazz.be\/wp-content\/uploads\/2025\/12\/cover-front-copie-2.jpg","contentUrl":"https:\/\/riverjazz.be\/wp-content\/uploads\/2025\/12\/cover-front-copie-2.jpg","width":1920,"height":1920},{"@type":"BreadcrumbList","@id":"https:\/\/riverjazz.be\/vladimir-torres-quintet-rush\/#breadcrumb","itemListElement":[{"@type":"ListItem","position":1,"name":"Home","item":"https:\/\/riverjazz.be\/"},{"@type":"ListItem","position":2,"name":"Vladimir Torres Quintet \u201cRush\u201d"}]},{"@type":"WebSite","@id":"https:\/\/riverjazz.be\/#website","url":"https:\/\/riverjazz.be\/","name":"Jazz Festival","description":"","publisher":{"@id":"https:\/\/riverjazz.be\/#organization"},"potentialAction":[{"@type":"SearchAction","target":{"@type":"EntryPoint","urlTemplate":"https:\/\/riverjazz.be\/?s={search_term_string}"},"query-input":{"@type":"PropertyValueSpecification","valueRequired":true,"valueName":"search_term_string"}}],"inLanguage":"nl-NL"},{"@type":"Organization","@id":"https:\/\/riverjazz.be\/#organization","name":"Jazz Festival","url":"https:\/\/riverjazz.be\/","logo":{"@type":"ImageObject","inLanguage":"nl-NL","@id":"https:\/\/riverjazz.be\/#\/schema\/logo\/image\/","url":"https:\/\/riverjazz.be\/wp-content\/uploads\/2021\/02\/RIVER_Jazz_FESTIVAL_LOGO_transparent.png","contentUrl":"https:\/\/riverjazz.be\/wp-content\/uploads\/2021\/02\/RIVER_Jazz_FESTIVAL_LOGO_transparent.png","width":328,"height":328,"caption":"Festival River Jazz"},"image":{"@id":"https:\/\/riverjazz.be\/#\/schema\/logo\/image\/"}},{"@type":"Person","@id":"https:\/\/riverjazz.be\/#\/schema\/person\/2babd6da8250641e0bc6981ef4f3bdf9","name":"Charlotte","image":{"@type":"ImageObject","inLanguage":"nl-NL","@id":"https:\/\/secure.gravatar.com\/avatar\/36bed908c9df2f12482e85eba25129f12cbd35aaeacbc562607290b9cbed6405?s=96&r=g","url":"https:\/\/secure.gravatar.com\/avatar\/36bed908c9df2f12482e85eba25129f12cbd35aaeacbc562607290b9cbed6405?s=96&r=g","contentUrl":"https:\/\/secure.gravatar.com\/avatar\/36bed908c9df2f12482e85eba25129f12cbd35aaeacbc562607290b9cbed6405?s=96&r=g","caption":"Charlotte"},"url":"https:\/\/riverjazz.be\/nl\/author\/6479062169ff7592\/"}]}},"_links":{"self":[{"href":"https:\/\/riverjazz.be\/nl\/wp-json\/wp\/v2\/posts\/5954","targetHints":{"allow":["GET"]}}],"collection":[{"href":"https:\/\/riverjazz.be\/nl\/wp-json\/wp\/v2\/posts"}],"about":[{"href":"https:\/\/riverjazz.be\/nl\/wp-json\/wp\/v2\/types\/post"}],"author":[{"embeddable":true,"href":"https:\/\/riverjazz.be\/nl\/wp-json\/wp\/v2\/users\/3"}],"replies":[{"embeddable":true,"href":"https:\/\/riverjazz.be\/nl\/wp-json\/wp\/v2\/comments?post=5954"}],"version-history":[{"count":0,"href":"https:\/\/riverjazz.be\/nl\/wp-json\/wp\/v2\/posts\/5954\/revisions"}],"wp:featuredmedia":[{"embeddable":true,"href":"https:\/\/riverjazz.be\/nl\/wp-json\/wp\/v2\/media\/5955"}],"wp:attachment":[{"href":"https:\/\/riverjazz.be\/nl\/wp-json\/wp\/v2\/media?parent=5954"}],"wp:term":[{"taxonomy":"category","embeddable":true,"href":"https:\/\/riverjazz.be\/nl\/wp-json\/wp\/v2\/categories?post=5954"},{"taxonomy":"post_tag","embeddable":true,"href":"https:\/\/riverjazz.be\/nl\/wp-json\/wp\/v2\/tags?post=5954"}],"curies":[{"name":"wp","href":"https:\/\/api.w.org\/{rel}","templated":true}]}}