{"id":6198,"date":"2025-12-19T14:50:10","date_gmt":"2025-12-19T13:50:10","guid":{"rendered":"https:\/\/riverjazz.be\/?p=6198"},"modified":"2025-12-19T14:50:59","modified_gmt":"2025-12-19T13:50:59","slug":"brax-tree-anna-webber","status":"publish","type":"post","link":"https:\/\/riverjazz.be\/nl\/brax-tree-anna-webber\/","title":{"rendered":"Brax\u2019 Tree + Anna Webber"},"content":{"rendered":"<p>Brax\u2019 Tree vindt zijn oorsprong in het septet Ghost Trance Music van Kobe Van Cauwenberghe, dat zich toelegt op het werk van Anthony Braxton. Het trio zoekt een subtiel evenwicht tussen compositie en improvisatie, verrijkt door de jazzervaring van zijn leden. Hun repertoire bestaat uit composities van Braxton, eigen creaties en stukken van Ornette Coleman en Mark Helias. In 2024 breidt het ensemble zich uit met Anna Webber, wat leidt tot een gedurfd project met twee tenorsaxofoons en nieuwe composities.<\/p>","protected":false},"excerpt":{"rendered":"<p>Brax\u2019 Tree prend racine dans le septet Ghost Trance Music de Kobe Van Cauwenberghe, consacr\u00e9 \u00e0 l\u2019\u0153uvre d\u2019Anthony Braxton. Le trio explore un \u00e9quilibre subtil entre \u00e9criture et improvisation, enrichi par l\u2019exp\u00e9rience jazz de ses membres. Son r\u00e9pertoire m\u00eale compositions de Braxton, cr\u00e9ations originales et pi\u00e8ces d\u2019Ornette Coleman et Mark Helias. En 2024, l\u2019ensemble s\u2019\u00e9largit [&hellip;]<\/p>\n","protected":false},"author":3,"featured_media":6199,"comment_status":"closed","ping_status":"closed","sticky":false,"template":"","format":"standard","meta":{"_acf_changed":false,"footnotes":""},"categories":[73,18],"tags":[198],"class_list":["post-6198","post","type-post","status-publish","format-standard","has-post-thumbnail","hentry","category-concerts-programme","category-programme","tag-198"],"acf":[],"yoast_head":"<!-- This site is optimized with the Yoast SEO plugin v27.4 - https:\/\/yoast.com\/product\/yoast-seo-wordpress\/ -->\n<title>Brax\u2019 Tree + Anna Webber - Festival River Jazz<\/title>\n<meta name=\"description\" content=\"Quand Brax&#039; Tree rencontre Anna Webber autour des \u0153uvres d\u2019Anthony Braxton, \u00e7a ne peut produire que des \u00e9tincelles !\" \/>\n<meta name=\"robots\" content=\"index, follow, max-snippet:-1, max-image-preview:large, max-video-preview:-1\" \/>\n<link rel=\"canonical\" href=\"https:\/\/riverjazz.be\/nl\/brax-tree-anna-webber\/\" \/>\n<meta property=\"og:locale\" content=\"nl_NL\" \/>\n<meta property=\"og:type\" content=\"article\" \/>\n<meta property=\"og:title\" content=\"Brax\u2019 Tree + Anna Webber - Festival River Jazz\" \/>\n<meta property=\"og:description\" content=\"Quand Brax&#039; Tree rencontre Anna Webber autour des \u0153uvres d\u2019Anthony Braxton, \u00e7a ne peut produire que des \u00e9tincelles !\" \/>\n<meta property=\"og:url\" content=\"https:\/\/riverjazz.be\/nl\/brax-tree-anna-webber\/\" \/>\n<meta property=\"og:site_name\" content=\"Festival River Jazz\" \/>\n<meta property=\"article:published_time\" content=\"2025-12-19T13:50:10+00:00\" \/>\n<meta property=\"article:modified_time\" content=\"2025-12-19T13:50:59+00:00\" \/>\n<meta property=\"og:image\" content=\"https:\/\/riverjazz.be\/wp-content\/uploads\/2025\/12\/Anna-Webber-1-by-TJ-Huff.jpg\" \/>\n\t<meta property=\"og:image:width\" content=\"1500\" \/>\n\t<meta property=\"og:image:height\" content=\"1200\" \/>\n\t<meta property=\"og:image:type\" content=\"image\/jpeg\" \/>\n<meta name=\"author\" content=\"Charlotte\" \/>\n<meta name=\"twitter:card\" content=\"summary_large_image\" \/>\n<meta name=\"twitter:label1\" content=\"Geschreven door\" \/>\n\t<meta name=\"twitter:data1\" content=\"Charlotte\" \/>\n\t<meta name=\"twitter:label2\" content=\"Geschatte leestijd\" \/>\n\t<meta name=\"twitter:data2\" content=\"1 minuut\" \/>\n<script type=\"application\/ld+json\" class=\"yoast-schema-graph\">{\"@context\":\"https:\\\/\\\/schema.org\",\"@graph\":[{\"@type\":\"Article\",\"@id\":\"https:\\\/\\\/riverjazz.be\\\/brax-tree-anna-webber\\\/#article\",\"isPartOf\":{\"@id\":\"https:\\\/\\\/riverjazz.be\\\/brax-tree-anna-webber\\\/\"},\"author\":{\"name\":\"Charlotte\",\"@id\":\"https:\\\/\\\/riverjazz.be\\\/#\\\/schema\\\/person\\\/2babd6da8250641e0bc6981ef4f3bdf9\"},\"headline\":\"Brax\u2019 Tree + Anna Webber\",\"datePublished\":\"2025-12-19T13:50:10+00:00\",\"dateModified\":\"2025-12-19T13:50:59+00:00\",\"mainEntityOfPage\":{\"@id\":\"https:\\\/\\\/riverjazz.be\\\/brax-tree-anna-webber\\\/\"},\"wordCount\":83,\"publisher\":{\"@id\":\"https:\\\/\\\/riverjazz.be\\\/#organization\"},\"image\":{\"@id\":\"https:\\\/\\\/riverjazz.be\\\/brax-tree-anna-webber\\\/#primaryimage\"},\"thumbnailUrl\":\"https:\\\/\\\/riverjazz.be\\\/wp-content\\\/uploads\\\/2025\\\/12\\\/Anna-Webber-1-by-TJ-Huff.jpg\",\"keywords\":[\"2026\"],\"articleSection\":[\"Concerts\",\"Programme\"],\"inLanguage\":\"nl-NL\"},{\"@type\":\"WebPage\",\"@id\":\"https:\\\/\\\/riverjazz.be\\\/brax-tree-anna-webber\\\/\",\"url\":\"https:\\\/\\\/riverjazz.be\\\/brax-tree-anna-webber\\\/\",\"name\":\"Brax\u2019 Tree + Anna Webber - Festival River Jazz\",\"isPartOf\":{\"@id\":\"https:\\\/\\\/riverjazz.be\\\/#website\"},\"primaryImageOfPage\":{\"@id\":\"https:\\\/\\\/riverjazz.be\\\/brax-tree-anna-webber\\\/#primaryimage\"},\"image\":{\"@id\":\"https:\\\/\\\/riverjazz.be\\\/brax-tree-anna-webber\\\/#primaryimage\"},\"thumbnailUrl\":\"https:\\\/\\\/riverjazz.be\\\/wp-content\\\/uploads\\\/2025\\\/12\\\/Anna-Webber-1-by-TJ-Huff.jpg\",\"datePublished\":\"2025-12-19T13:50:10+00:00\",\"dateModified\":\"2025-12-19T13:50:59+00:00\",\"description\":\"Quand Brax' Tree rencontre Anna Webber autour des \u0153uvres d\u2019Anthony Braxton, \u00e7a ne peut produire que des \u00e9tincelles !\",\"breadcrumb\":{\"@id\":\"https:\\\/\\\/riverjazz.be\\\/brax-tree-anna-webber\\\/#breadcrumb\"},\"inLanguage\":\"nl-NL\",\"potentialAction\":[{\"@type\":\"ReadAction\",\"target\":[\"https:\\\/\\\/riverjazz.be\\\/brax-tree-anna-webber\\\/\"]}]},{\"@type\":\"ImageObject\",\"inLanguage\":\"nl-NL\",\"@id\":\"https:\\\/\\\/riverjazz.be\\\/brax-tree-anna-webber\\\/#primaryimage\",\"url\":\"https:\\\/\\\/riverjazz.be\\\/wp-content\\\/uploads\\\/2025\\\/12\\\/Anna-Webber-1-by-TJ-Huff.jpg\",\"contentUrl\":\"https:\\\/\\\/riverjazz.be\\\/wp-content\\\/uploads\\\/2025\\\/12\\\/Anna-Webber-1-by-TJ-Huff.jpg\",\"width\":1500,\"height\":1200},{\"@type\":\"BreadcrumbList\",\"@id\":\"https:\\\/\\\/riverjazz.be\\\/brax-tree-anna-webber\\\/#breadcrumb\",\"itemListElement\":[{\"@type\":\"ListItem\",\"position\":1,\"name\":\"Home\",\"item\":\"https:\\\/\\\/riverjazz.be\\\/\"},{\"@type\":\"ListItem\",\"position\":2,\"name\":\"Brax\u2019 Tree + Anna Webber\"}]},{\"@type\":\"WebSite\",\"@id\":\"https:\\\/\\\/riverjazz.be\\\/#website\",\"url\":\"https:\\\/\\\/riverjazz.be\\\/\",\"name\":\"Festival River Jazz\",\"description\":\"\",\"publisher\":{\"@id\":\"https:\\\/\\\/riverjazz.be\\\/#organization\"},\"potentialAction\":[{\"@type\":\"SearchAction\",\"target\":{\"@type\":\"EntryPoint\",\"urlTemplate\":\"https:\\\/\\\/riverjazz.be\\\/?s={search_term_string}\"},\"query-input\":{\"@type\":\"PropertyValueSpecification\",\"valueRequired\":true,\"valueName\":\"search_term_string\"}}],\"inLanguage\":\"nl-NL\"},{\"@type\":\"Organization\",\"@id\":\"https:\\\/\\\/riverjazz.be\\\/#organization\",\"name\":\"Festival River Jazz\",\"url\":\"https:\\\/\\\/riverjazz.be\\\/\",\"logo\":{\"@type\":\"ImageObject\",\"inLanguage\":\"nl-NL\",\"@id\":\"https:\\\/\\\/riverjazz.be\\\/#\\\/schema\\\/logo\\\/image\\\/\",\"url\":\"https:\\\/\\\/riverjazz.be\\\/wp-content\\\/uploads\\\/2021\\\/02\\\/RIVER_Jazz_FESTIVAL_LOGO_transparent.png\",\"contentUrl\":\"https:\\\/\\\/riverjazz.be\\\/wp-content\\\/uploads\\\/2021\\\/02\\\/RIVER_Jazz_FESTIVAL_LOGO_transparent.png\",\"width\":328,\"height\":328,\"caption\":\"Festival River Jazz\"},\"image\":{\"@id\":\"https:\\\/\\\/riverjazz.be\\\/#\\\/schema\\\/logo\\\/image\\\/\"}},{\"@type\":\"Person\",\"@id\":\"https:\\\/\\\/riverjazz.be\\\/#\\\/schema\\\/person\\\/2babd6da8250641e0bc6981ef4f3bdf9\",\"name\":\"Charlotte\",\"image\":{\"@type\":\"ImageObject\",\"inLanguage\":\"nl-NL\",\"@id\":\"https:\\\/\\\/secure.gravatar.com\\\/avatar\\\/36bed908c9df2f12482e85eba25129f12cbd35aaeacbc562607290b9cbed6405?s=96&r=g\",\"url\":\"https:\\\/\\\/secure.gravatar.com\\\/avatar\\\/36bed908c9df2f12482e85eba25129f12cbd35aaeacbc562607290b9cbed6405?s=96&r=g\",\"contentUrl\":\"https:\\\/\\\/secure.gravatar.com\\\/avatar\\\/36bed908c9df2f12482e85eba25129f12cbd35aaeacbc562607290b9cbed6405?s=96&r=g\",\"caption\":\"Charlotte\"},\"url\":\"https:\\\/\\\/riverjazz.be\\\/nl\\\/author\\\/6479062169ff7592\\\/\"}]}<\/script>\n<!-- \/ Yoast SEO plugin. -->","yoast_head_json":{"title":"Brax\u2019 Tree + Anna Webber - Festival River Jazz","description":"Quand Brax' Tree rencontre Anna Webber autour des \u0153uvres d\u2019Anthony Braxton, \u00e7a ne peut produire que des \u00e9tincelles !","robots":{"index":"index","follow":"follow","max-snippet":"max-snippet:-1","max-image-preview":"max-image-preview:large","max-video-preview":"max-video-preview:-1"},"canonical":"https:\/\/riverjazz.be\/nl\/brax-tree-anna-webber\/","og_locale":"nl_NL","og_type":"article","og_title":"Brax\u2019 Tree + Anna Webber - Festival River Jazz","og_description":"Quand Brax' Tree rencontre Anna Webber autour des \u0153uvres d\u2019Anthony Braxton, \u00e7a ne peut produire que des \u00e9tincelles !","og_url":"https:\/\/riverjazz.be\/nl\/brax-tree-anna-webber\/","og_site_name":"Festival River Jazz","article_published_time":"2025-12-19T13:50:10+00:00","article_modified_time":"2025-12-19T13:50:59+00:00","og_image":[{"width":1500,"height":1200,"url":"https:\/\/riverjazz.be\/wp-content\/uploads\/2025\/12\/Anna-Webber-1-by-TJ-Huff.jpg","type":"image\/jpeg"}],"author":"Charlotte","twitter_card":"summary_large_image","twitter_misc":{"Geschreven door":"Charlotte","Geschatte leestijd":"1 minuut"},"schema":{"@context":"https:\/\/schema.org","@graph":[{"@type":"Article","@id":"https:\/\/riverjazz.be\/brax-tree-anna-webber\/#article","isPartOf":{"@id":"https:\/\/riverjazz.be\/brax-tree-anna-webber\/"},"author":{"name":"Charlotte","@id":"https:\/\/riverjazz.be\/#\/schema\/person\/2babd6da8250641e0bc6981ef4f3bdf9"},"headline":"Brax\u2019 Tree + Anna Webber","datePublished":"2025-12-19T13:50:10+00:00","dateModified":"2025-12-19T13:50:59+00:00","mainEntityOfPage":{"@id":"https:\/\/riverjazz.be\/brax-tree-anna-webber\/"},"wordCount":83,"publisher":{"@id":"https:\/\/riverjazz.be\/#organization"},"image":{"@id":"https:\/\/riverjazz.be\/brax-tree-anna-webber\/#primaryimage"},"thumbnailUrl":"https:\/\/riverjazz.be\/wp-content\/uploads\/2025\/12\/Anna-Webber-1-by-TJ-Huff.jpg","keywords":["2026"],"articleSection":["Concerts","Programme"],"inLanguage":"nl-NL"},{"@type":"WebPage","@id":"https:\/\/riverjazz.be\/brax-tree-anna-webber\/","url":"https:\/\/riverjazz.be\/brax-tree-anna-webber\/","name":"Brax\u2019 Tree + Anna Webber - Festival River Jazz","isPartOf":{"@id":"https:\/\/riverjazz.be\/#website"},"primaryImageOfPage":{"@id":"https:\/\/riverjazz.be\/brax-tree-anna-webber\/#primaryimage"},"image":{"@id":"https:\/\/riverjazz.be\/brax-tree-anna-webber\/#primaryimage"},"thumbnailUrl":"https:\/\/riverjazz.be\/wp-content\/uploads\/2025\/12\/Anna-Webber-1-by-TJ-Huff.jpg","datePublished":"2025-12-19T13:50:10+00:00","dateModified":"2025-12-19T13:50:59+00:00","description":"Quand Brax' Tree rencontre Anna Webber autour des \u0153uvres d\u2019Anthony Braxton, \u00e7a ne peut produire que des \u00e9tincelles !","breadcrumb":{"@id":"https:\/\/riverjazz.be\/brax-tree-anna-webber\/#breadcrumb"},"inLanguage":"nl-NL","potentialAction":[{"@type":"ReadAction","target":["https:\/\/riverjazz.be\/brax-tree-anna-webber\/"]}]},{"@type":"ImageObject","inLanguage":"nl-NL","@id":"https:\/\/riverjazz.be\/brax-tree-anna-webber\/#primaryimage","url":"https:\/\/riverjazz.be\/wp-content\/uploads\/2025\/12\/Anna-Webber-1-by-TJ-Huff.jpg","contentUrl":"https:\/\/riverjazz.be\/wp-content\/uploads\/2025\/12\/Anna-Webber-1-by-TJ-Huff.jpg","width":1500,"height":1200},{"@type":"BreadcrumbList","@id":"https:\/\/riverjazz.be\/brax-tree-anna-webber\/#breadcrumb","itemListElement":[{"@type":"ListItem","position":1,"name":"Home","item":"https:\/\/riverjazz.be\/"},{"@type":"ListItem","position":2,"name":"Brax\u2019 Tree + Anna Webber"}]},{"@type":"WebSite","@id":"https:\/\/riverjazz.be\/#website","url":"https:\/\/riverjazz.be\/","name":"Jazz Festival","description":"","publisher":{"@id":"https:\/\/riverjazz.be\/#organization"},"potentialAction":[{"@type":"SearchAction","target":{"@type":"EntryPoint","urlTemplate":"https:\/\/riverjazz.be\/?s={search_term_string}"},"query-input":{"@type":"PropertyValueSpecification","valueRequired":true,"valueName":"search_term_string"}}],"inLanguage":"nl-NL"},{"@type":"Organization","@id":"https:\/\/riverjazz.be\/#organization","name":"Jazz Festival","url":"https:\/\/riverjazz.be\/","logo":{"@type":"ImageObject","inLanguage":"nl-NL","@id":"https:\/\/riverjazz.be\/#\/schema\/logo\/image\/","url":"https:\/\/riverjazz.be\/wp-content\/uploads\/2021\/02\/RIVER_Jazz_FESTIVAL_LOGO_transparent.png","contentUrl":"https:\/\/riverjazz.be\/wp-content\/uploads\/2021\/02\/RIVER_Jazz_FESTIVAL_LOGO_transparent.png","width":328,"height":328,"caption":"Festival River Jazz"},"image":{"@id":"https:\/\/riverjazz.be\/#\/schema\/logo\/image\/"}},{"@type":"Person","@id":"https:\/\/riverjazz.be\/#\/schema\/person\/2babd6da8250641e0bc6981ef4f3bdf9","name":"Charlotte","image":{"@type":"ImageObject","inLanguage":"nl-NL","@id":"https:\/\/secure.gravatar.com\/avatar\/36bed908c9df2f12482e85eba25129f12cbd35aaeacbc562607290b9cbed6405?s=96&r=g","url":"https:\/\/secure.gravatar.com\/avatar\/36bed908c9df2f12482e85eba25129f12cbd35aaeacbc562607290b9cbed6405?s=96&r=g","contentUrl":"https:\/\/secure.gravatar.com\/avatar\/36bed908c9df2f12482e85eba25129f12cbd35aaeacbc562607290b9cbed6405?s=96&r=g","caption":"Charlotte"},"url":"https:\/\/riverjazz.be\/nl\/author\/6479062169ff7592\/"}]}},"_links":{"self":[{"href":"https:\/\/riverjazz.be\/nl\/wp-json\/wp\/v2\/posts\/6198","targetHints":{"allow":["GET"]}}],"collection":[{"href":"https:\/\/riverjazz.be\/nl\/wp-json\/wp\/v2\/posts"}],"about":[{"href":"https:\/\/riverjazz.be\/nl\/wp-json\/wp\/v2\/types\/post"}],"author":[{"embeddable":true,"href":"https:\/\/riverjazz.be\/nl\/wp-json\/wp\/v2\/users\/3"}],"replies":[{"embeddable":true,"href":"https:\/\/riverjazz.be\/nl\/wp-json\/wp\/v2\/comments?post=6198"}],"version-history":[{"count":0,"href":"https:\/\/riverjazz.be\/nl\/wp-json\/wp\/v2\/posts\/6198\/revisions"}],"wp:featuredmedia":[{"embeddable":true,"href":"https:\/\/riverjazz.be\/nl\/wp-json\/wp\/v2\/media\/6199"}],"wp:attachment":[{"href":"https:\/\/riverjazz.be\/nl\/wp-json\/wp\/v2\/media?parent=6198"}],"wp:term":[{"taxonomy":"category","embeddable":true,"href":"https:\/\/riverjazz.be\/nl\/wp-json\/wp\/v2\/categories?post=6198"},{"taxonomy":"post_tag","embeddable":true,"href":"https:\/\/riverjazz.be\/nl\/wp-json\/wp\/v2\/tags?post=6198"}],"curies":[{"name":"wp","href":"https:\/\/api.w.org\/{rel}","templated":true}]}}